{"id":2352,"date":"2018-10-10T21:46:03","date_gmt":"2018-10-10T19:46:03","guid":{"rendered":"http:\/\/www.merkelenvannix.nl\/?p=2352"},"modified":"2018-12-05T11:43:25","modified_gmt":"2018-12-05T10:43:25","slug":"winter-is-coming","status":"publish","type":"post","link":"http:\/\/www.merkelenvannix.nl\/gb\/nieuws\/winter-is-coming.html","title":{"rendered":"Winter is coming&#8230;"},"content":{"rendered":"\n<p><\/p>\n\n\n\n<p>Ook dit jaar nog komt de winter, al is dat nu nauwelijks voor te stellen. Wat een zomer, wat een herfst!<\/p>\n\n\n\n<p>J\u00f8ttnj\u00f8l en P\u00eat-\u00e0-Porter zijn beide in te zetten als fijne winter-acts. Winter J\u00f8ttnj\u00f8l zingen graag kerstliederen en vermaken zichzelf en anderen in hun kerstig aangepaste manden met lichtjes op kerstmarkten, winkelstraten en andere bijzondere gelegenheden. P\u00eat-\u00e0-Porter heeft een prachtige verlichte met kerstballen behangen paraplu op zijn kruiwagen. En deelt Max nu bananen of zuurstokjes uit?<\/p>\n\n\n\n<p style=\"text-align:center\"><a href=\"http:\/\/www.merkelenvannix.nl\/acts\/jottnjol\/winter\">Winter J\u00f8ttnj\u00f8l<\/a><\/p>\n\n\n\n<figure class=\"wp-block-image\"><img loading=\"lazy\" decoding=\"async\" width=\"960\" height=\"640\" src=\"http:\/\/www.merkelenvannix.nl\/wp-content\/uploads\/2012\/12\/J\u00f8ttnj\u00f8l-kerst-Lommel-Monique-Bogaerts.jpg\" alt=\"\" class=\"wp-image-1445\" srcset=\"http:\/\/www.merkelenvannix.nl\/wp-content\/uploads\/2012\/12\/J\u00f8ttnj\u00f8l-kerst-Lommel-Monique-Bogaerts.jpg 960w, http:\/\/www.merkelenvannix.nl\/wp-content\/uploads\/2012\/12\/J\u00f8ttnj\u00f8l-kerst-Lommel-Monique-Bogaerts-300x200.jpg 300w\" sizes=\"auto, (max-width: 767px) 89vw, (max-width: 1000px) 54vw, (max-width: 1071px) 543px, 580px\" \/><figcaption>Winter J\u00f8ttnj\u00f8l (foto: Monique Bogaerts)<\/figcaption><\/figure>\n\n\n\n<figure class=\"wp-block-image\"><img loading=\"lazy\" decoding=\"async\" width=\"1200\" height=\"900\" src=\"http:\/\/www.merkelenvannix.nl\/wp-content\/uploads\/2018\/12\/46494434_2540266662651957_937495990967992320_o-2-1200x900.jpg\" alt=\"P\u00eat-\u00e0-Porter Winter\" class=\"wp-image-2363\" srcset=\"http:\/\/www.merkelenvannix.nl\/wp-content\/uploads\/2018\/12\/46494434_2540266662651957_937495990967992320_o-2-1200x900.jpg 1200w, http:\/\/www.merkelenvannix.nl\/wp-content\/uploads\/2018\/12\/46494434_2540266662651957_937495990967992320_o-2-420x315.jpg 420w, http:\/\/www.merkelenvannix.nl\/wp-content\/uploads\/2018\/12\/46494434_2540266662651957_937495990967992320_o-2-744x558.jpg 744w, http:\/\/www.merkelenvannix.nl\/wp-content\/uploads\/2018\/12\/46494434_2540266662651957_937495990967992320_o-2-768x576.jpg 768w, http:\/\/www.merkelenvannix.nl\/wp-content\/uploads\/2018\/12\/46494434_2540266662651957_937495990967992320_o-2.jpg 1810w\" sizes=\"auto, (max-width: 767px) 89vw, (max-width: 1000px) 54vw, (max-width: 1071px) 543px, 580px\" \/><figcaption>P\u00eat-\u00e0-Porter Winter | Max &#038; Porter<\/figcaption><\/figure>\n\n\n\n<p style=\"text-align:center\"><a href=\"http:\/\/www.merkelenvannix.nl\/acts\/jottnjol\/winter\">Winter J\u00f8ttnj\u00f8l<\/a><\/p>\n","protected":false},"excerpt":{"rendered":"<p>Ook dit jaar nog komt de winter, al is dat nu nauwelijks voor te stellen. Wat een zomer, wat een herfst! J\u00f8ttnj\u00f8l en P\u00eat-\u00e0-Porter zijn beide in te zetten als fijne winter-acts. Winter J\u00f8ttnj\u00f8l zingen graag kerstliederen en vermaken zichzelf en anderen in hun kerstig aangepaste manden met lichtjes op kerstmarkten, winkelstraten en andere bijzondere &hellip; <\/p>\n<p class=\"link-more\"><a href=\"http:\/\/www.merkelenvannix.nl\/gb\/nieuws\/winter-is-coming.html\" class=\"more-link\">Continue reading<span class=\"screen-reader-text\"> &#8220;Winter is coming&#8230;&#8221;<\/span><\/a><\/p>\n","protected":false},"author":1,"featured_media":0,"comment_status":"closed","ping_status":"open","sticky":false,"template":"","format":"standard","meta":{"ngg_post_thumbnail":0,"footnotes":""},"categories":[5],"tags":[],"class_list":["post-2352","post","type-post","status-publish","format-standard","hentry","category-nieuws"],"translation":{"provider":"WPGlobus","version":"3.0.2","language":"gb","enabled_languages":["nl","gb","de","fr","it"],"languages":{"nl":{"title":true,"content":true,"excerpt":false},"gb":{"title":false,"content":false,"excerpt":false},"de":{"title":false,"content":false,"excerpt":false},"fr":{"title":false,"content":false,"excerpt":false},"it":{"title":false,"content":false,"excerpt":false}}},"aioseo_notices":[],"featured_image_src":null,"featured_image_src_square":null,"author_info":{"display_name":"Gijs","author_link":"http:\/\/www.merkelenvannix.nl\/gb\/author\/admin"},"_links":{"self":[{"href":"http:\/\/www.merkelenvannix.nl\/gb\/wp-json\/wp\/v2\/posts\/2352","targetHints":{"allow":["GET"]}}],"collection":[{"href":"http:\/\/www.merkelenvannix.nl\/gb\/wp-json\/wp\/v2\/posts"}],"about":[{"href":"http:\/\/www.merkelenvannix.nl\/gb\/wp-json\/wp\/v2\/types\/post"}],"author":[{"embeddable":true,"href":"http:\/\/www.merkelenvannix.nl\/gb\/wp-json\/wp\/v2\/users\/1"}],"replies":[{"embeddable":true,"href":"http:\/\/www.merkelenvannix.nl\/gb\/wp-json\/wp\/v2\/comments?post=2352"}],"version-history":[{"count":4,"href":"http:\/\/www.merkelenvannix.nl\/gb\/wp-json\/wp\/v2\/posts\/2352\/revisions"}],"predecessor-version":[{"id":2366,"href":"http:\/\/www.merkelenvannix.nl\/gb\/wp-json\/wp\/v2\/posts\/2352\/revisions\/2366"}],"wp:attachment":[{"href":"http:\/\/www.merkelenvannix.nl\/gb\/wp-json\/wp\/v2\/media?parent=2352"}],"wp:term":[{"taxonomy":"category","embeddable":true,"href":"http:\/\/www.merkelenvannix.nl\/gb\/wp-json\/wp\/v2\/categories?post=2352"},{"taxonomy":"post_tag","embeddable":true,"href":"http:\/\/www.merkelenvannix.nl\/gb\/wp-json\/wp\/v2\/tags?post=2352"}],"curies":[{"name":"wp","href":"https:\/\/api.w.org\/{rel}","templated":true}]}}