{"id":3186,"date":"2023-08-28T22:59:52","date_gmt":"2023-08-28T20:59:52","guid":{"rendered":"http:\/\/www.merkelenvannix.nl\/?p=3186"},"modified":"2023-08-28T22:59:54","modified_gmt":"2023-08-28T20:59:54","slug":"zomer-2023","status":"publish","type":"post","link":"http:\/\/www.merkelenvannix.nl\/gb\/nieuws\/zomer-2023.html","title":{"rendered":"Zomer 2023"},"content":{"rendered":"\n<figure class=\"wp-block-image size-large\"><img loading=\"lazy\" decoding=\"async\" width=\"1200\" height=\"675\" src=\"http:\/\/www.merkelenvannix.nl\/wp-content\/uploads\/2023\/08\/Merkel-Vannix-Jottnjol-Kleines-Fest-Hannover-2023-foto-van-Rosalie-Held-1200x675.jpg\" alt=\"\" class=\"wp-image-3187\" srcset=\"http:\/\/www.merkelenvannix.nl\/wp-content\/uploads\/2023\/08\/Merkel-Vannix-Jottnjol-Kleines-Fest-Hannover-2023-foto-van-Rosalie-Held-1200x675.jpg 1200w, http:\/\/www.merkelenvannix.nl\/wp-content\/uploads\/2023\/08\/Merkel-Vannix-Jottnjol-Kleines-Fest-Hannover-2023-foto-van-Rosalie-Held-744x419.jpg 744w, http:\/\/www.merkelenvannix.nl\/wp-content\/uploads\/2023\/08\/Merkel-Vannix-Jottnjol-Kleines-Fest-Hannover-2023-foto-van-Rosalie-Held-420x236.jpg 420w, http:\/\/www.merkelenvannix.nl\/wp-content\/uploads\/2023\/08\/Merkel-Vannix-Jottnjol-Kleines-Fest-Hannover-2023-foto-van-Rosalie-Held-768x432.jpg 768w, http:\/\/www.merkelenvannix.nl\/wp-content\/uploads\/2023\/08\/Merkel-Vannix-Jottnjol-Kleines-Fest-Hannover-2023-foto-van-Rosalie-Held-50x28.jpg 50w, http:\/\/www.merkelenvannix.nl\/wp-content\/uploads\/2023\/08\/Merkel-Vannix-Jottnjol-Kleines-Fest-Hannover-2023-foto-van-Rosalie-Held-89x50.jpg 89w, http:\/\/www.merkelenvannix.nl\/wp-content\/uploads\/2023\/08\/Merkel-Vannix-Jottnjol-Kleines-Fest-Hannover-2023-foto-van-Rosalie-Held-100x56.jpg 100w, http:\/\/www.merkelenvannix.nl\/wp-content\/uploads\/2023\/08\/Merkel-Vannix-Jottnjol-Kleines-Fest-Hannover-2023-foto-van-Rosalie-Held-178x100.jpg 178w, http:\/\/www.merkelenvannix.nl\/wp-content\/uploads\/2023\/08\/Merkel-Vannix-Jottnjol-Kleines-Fest-Hannover-2023-foto-van-Rosalie-Held-1138x640.jpg 1138w, http:\/\/www.merkelenvannix.nl\/wp-content\/uploads\/2023\/08\/Merkel-Vannix-Jottnjol-Kleines-Fest-Hannover-2023-foto-van-Rosalie-Held-640x360.jpg 640w, http:\/\/www.merkelenvannix.nl\/wp-content\/uploads\/2023\/08\/Merkel-Vannix-Jottnjol-Kleines-Fest-Hannover-2023-foto-van-Rosalie-Held-1365x768.jpg 1365w, http:\/\/www.merkelenvannix.nl\/wp-content\/uploads\/2023\/08\/Merkel-Vannix-Jottnjol-Kleines-Fest-Hannover-2023-foto-van-Rosalie-Held-1024x576.jpg 1024w, http:\/\/www.merkelenvannix.nl\/wp-content\/uploads\/2023\/08\/Merkel-Vannix-Jottnjol-Kleines-Fest-Hannover-2023-foto-van-Rosalie-Held-1920x1080.jpg 1920w, http:\/\/www.merkelenvannix.nl\/wp-content\/uploads\/2023\/08\/Merkel-Vannix-Jottnjol-Kleines-Fest-Hannover-2023-foto-van-Rosalie-Held.jpg 1440w\" sizes=\"auto, (max-width: 767px) 89vw, (max-width: 1000px) 54vw, (max-width: 1071px) 543px, 580px\" \/><figcaption class=\"wp-element-caption\">&#8220;J\u00f8ttnj\u00f8l&#8221; die Sammler van Merkel &amp; Vannix. Deze geweldige foto is van collega <a href=\"https:\/\/l.facebook.com\/l.php?u=https%3A%2F%2Fwww.rosalieheld.de%2Ffotografie%3Ffbclid%3DIwAR35Wy75onKL2KYyai85CetIlxngatG-ktoKlJ0zOaCQfWT5V7JCw609SxI&amp;h=AT0COehzJyrAVY-5BSyGwjL6-zTSkvj9rqhlKcI0fFhe2oKxYRSnCTwTcsSxw3WD_WhFPHa9Y-TS6MYvy8TUPz8k8ANYT0gxpIN8Ce2w_eJMAOLL86nJ0NOafWnOoqIhcfyNkbI&amp;__tn__=%2Cd-]C%2CP-R&amp;c[0]=AT25SApZPlgym8ZFMh09edB9esUihCtGYTGcg8u0KHN9KUkOmPQF7cdY0squz1KsG4lIUFs_vrxcIEuOYmT56lMH2zVtv-QsceMPq05nsOIlJiNB_BT5-xJteByePvaSos95m4Vturbssi5ooZxVA6gcPM_1181rloGdTTddELj849JOLw\" target=\"_blank\" rel=\"noopener\" title=\"\">Rosalie Held<\/a>.<\/figcaption><\/figure>\n\n\n\n<p class=\"has-text-align-left has-medium-font-size\">J\u00f8ttnj\u00f8l waren in juli de hele maand te zien op het Kleines Fest im Gro\u00dfen Garten te Hannover. Ze hadden een geweldige tijd met veel wonderschone ontmoetingen en hilarische maar ook bijzondere gesprekken met kinderen en volwassenen. Hartelijk dank aan Harald B\u00f6hlmann, de man met de cylinder!<\/p>\n","protected":false},"excerpt":{"rendered":"<p>J\u00f8ttnj\u00f8l waren in juli de hele maand te zien op het Kleines Fest im Gro\u00dfen Garten te Hannover. Ze hadden een geweldige tijd met veel wonderschone ontmoetingen en hilarische maar ook bijzondere gesprekken met kinderen en volwassenen. Hartelijk dank aan Harald B\u00f6hlmann, de man met de cylinder!<\/p>\n","protected":false},"author":1,"featured_media":0,"comment_status":"closed","ping_status":"open","sticky":false,"template":"","format":"standard","meta":{"ngg_post_thumbnail":0,"footnotes":""},"categories":[5],"tags":[],"class_list":["post-3186","post","type-post","status-publish","format-standard","hentry","category-nieuws"],"translation":{"provider":"WPGlobus","version":"3.0.2","language":"gb","enabled_languages":["nl","gb","de","fr","it"],"languages":{"nl":{"title":true,"content":true,"excerpt":false},"gb":{"title":false,"content":false,"excerpt":false},"de":{"title":false,"content":false,"excerpt":false},"fr":{"title":false,"content":false,"excerpt":false},"it":{"title":false,"content":false,"excerpt":false}}},"aioseo_notices":[],"featured_image_src":null,"featured_image_src_square":null,"author_info":{"display_name":"Gijs","author_link":"http:\/\/www.merkelenvannix.nl\/gb\/author\/admin"},"_links":{"self":[{"href":"http:\/\/www.merkelenvannix.nl\/gb\/wp-json\/wp\/v2\/posts\/3186","targetHints":{"allow":["GET"]}}],"collection":[{"href":"http:\/\/www.merkelenvannix.nl\/gb\/wp-json\/wp\/v2\/posts"}],"about":[{"href":"http:\/\/www.merkelenvannix.nl\/gb\/wp-json\/wp\/v2\/types\/post"}],"author":[{"embeddable":true,"href":"http:\/\/www.merkelenvannix.nl\/gb\/wp-json\/wp\/v2\/users\/1"}],"replies":[{"embeddable":true,"href":"http:\/\/www.merkelenvannix.nl\/gb\/wp-json\/wp\/v2\/comments?post=3186"}],"version-history":[{"count":1,"href":"http:\/\/www.merkelenvannix.nl\/gb\/wp-json\/wp\/v2\/posts\/3186\/revisions"}],"predecessor-version":[{"id":3188,"href":"http:\/\/www.merkelenvannix.nl\/gb\/wp-json\/wp\/v2\/posts\/3186\/revisions\/3188"}],"wp:attachment":[{"href":"http:\/\/www.merkelenvannix.nl\/gb\/wp-json\/wp\/v2\/media?parent=3186"}],"wp:term":[{"taxonomy":"category","embeddable":true,"href":"http:\/\/www.merkelenvannix.nl\/gb\/wp-json\/wp\/v2\/categories?post=3186"},{"taxonomy":"post_tag","embeddable":true,"href":"http:\/\/www.merkelenvannix.nl\/gb\/wp-json\/wp\/v2\/tags?post=3186"}],"curies":[{"name":"wp","href":"https:\/\/api.w.org\/{rel}","templated":true}]}}