{"id":547,"date":"2009-12-26T22:00:39","date_gmt":"2009-12-26T21:00:39","guid":{"rendered":"http:\/\/www.merkelenvannix.nl\/?p=547"},"modified":"2009-12-26T22:02:11","modified_gmt":"2009-12-26T21:02:11","slug":"547","status":"publish","type":"post","link":"http:\/\/www.merkelenvannix.nl\/gb\/nieuws\/547.html","title":{"rendered":"ETCETERA"},"content":{"rendered":"<p>Zondag 27 december spelen J\u00f8ttnj\u00f8l gedurende de openingsavond van <a href=\"http:\/\/www.amersfoortwintertijd.nl\/evenementen\/festival-etcetera\/\" target=\"_blank\">ETCETERA<\/a> in Amersfoort op de Hof.\u00a0 Om 20.00, 21.00en 22.15 uur. Tot daar!<\/p>\n<p><strong><a href=\"http:\/\/www.amersfoortwintertijd.nl\/evenementen\/festival-etcetera\/\" target=\"_blank\">Festival ETCETERA<\/a> on Ice!<\/strong><br \/>\nStel je voor\u2026 het gezelligste plein van Amersfoort\u2026 sneeuw, muziek, theater en\u2026 h\u00e9\u00e9l v\u00e9\u00e9l gl\u00fchwein. Dit jaar is er voor het eerst een Festival ETCETERA in de winterperiode, en wel van zondag 27 t\/m woensdag 30 december. Het festivalhart bevindt zich op de Hof in een enorme tent. Proef de wintersfeer, droog van sneeuw of regen, bekijk theatervoorstellingen, luister naar muziek, maar vooral\u2026 geniet van de gezelligheid.<\/p>\n","protected":false},"excerpt":{"rendered":"<p>Zondag 27 december spelen J\u00f8ttnj\u00f8l gedurende de openingsavond van ETCETERA in Amersfoort op de Hof.\u00a0 Om 20.00, 21.00en 22.15 uur. Tot daar! Festival ETCETERA on Ice! Stel je voor\u2026 het gezelligste plein van Amersfoort\u2026 sneeuw, muziek, theater en\u2026 h\u00e9\u00e9l v\u00e9\u00e9l gl\u00fchwein. Dit jaar is er voor het eerst een Festival ETCETERA in de winterperiode, en &hellip; <\/p>\n<p class=\"link-more\"><a href=\"http:\/\/www.merkelenvannix.nl\/gb\/nieuws\/547.html\" class=\"more-link\">Continue reading<span class=\"screen-reader-text\"> &#8220;ETCETERA&#8221;<\/span><\/a><\/p>\n","protected":false},"author":1,"featured_media":0,"comment_status":"closed","ping_status":"open","sticky":false,"template":"","format":"standard","meta":{"ngg_post_thumbnail":0,"footnotes":""},"categories":[5],"tags":[],"class_list":["post-547","post","type-post","status-publish","format-standard","hentry","category-nieuws"],"translation":{"provider":"WPGlobus","version":"3.0.2","language":"gb","enabled_languages":["nl","gb","de","fr","it"],"languages":{"nl":{"title":true,"content":true,"excerpt":false},"gb":{"title":false,"content":false,"excerpt":false},"de":{"title":false,"content":false,"excerpt":false},"fr":{"title":false,"content":false,"excerpt":false},"it":{"title":false,"content":false,"excerpt":false}}},"aioseo_notices":[],"featured_image_src":null,"featured_image_src_square":null,"author_info":{"display_name":"Gijs","author_link":"http:\/\/www.merkelenvannix.nl\/gb\/author\/admin"},"_links":{"self":[{"href":"http:\/\/www.merkelenvannix.nl\/gb\/wp-json\/wp\/v2\/posts\/547","targetHints":{"allow":["GET"]}}],"collection":[{"href":"http:\/\/www.merkelenvannix.nl\/gb\/wp-json\/wp\/v2\/posts"}],"about":[{"href":"http:\/\/www.merkelenvannix.nl\/gb\/wp-json\/wp\/v2\/types\/post"}],"author":[{"embeddable":true,"href":"http:\/\/www.merkelenvannix.nl\/gb\/wp-json\/wp\/v2\/users\/1"}],"replies":[{"embeddable":true,"href":"http:\/\/www.merkelenvannix.nl\/gb\/wp-json\/wp\/v2\/comments?post=547"}],"version-history":[{"count":5,"href":"http:\/\/www.merkelenvannix.nl\/gb\/wp-json\/wp\/v2\/posts\/547\/revisions"}],"predecessor-version":[{"id":552,"href":"http:\/\/www.merkelenvannix.nl\/gb\/wp-json\/wp\/v2\/posts\/547\/revisions\/552"}],"wp:attachment":[{"href":"http:\/\/www.merkelenvannix.nl\/gb\/wp-json\/wp\/v2\/media?parent=547"}],"wp:term":[{"taxonomy":"category","embeddable":true,"href":"http:\/\/www.merkelenvannix.nl\/gb\/wp-json\/wp\/v2\/categories?post=547"},{"taxonomy":"post_tag","embeddable":true,"href":"http:\/\/www.merkelenvannix.nl\/gb\/wp-json\/wp\/v2\/tags?post=547"}],"curies":[{"name":"wp","href":"https:\/\/api.w.org\/{rel}","templated":true}]}}